{"id":1,"date":"2023-09-23T12:42:09","date_gmt":"2023-09-23T11:42:09","guid":{"rendered":"http:\/\/neu.sv-personaltraining.ch\/?p=1"},"modified":"2023-09-23T12:42:09","modified_gmt":"2023-09-23T11:42:09","slug":"hello-world","status":"publish","type":"post","link":"https:\/\/sv-personaltraining.ch\/?p=1","title":{"rendered":"Winterchallenge- mach mit!"},"content":{"rendered":"\n<p>4 Wochen Challenge f\u00fcr deinen Body! Damit du dich wohl und fit f\u00fchlst! Maximal 10 Pl\u00e4tze!<\/p>\n\n\n\n<p><strong>Start 13.11-11.12.23, Preis 280.-<\/strong><\/p>\n\n\n\n<p>Gewichtsabnahme, regelm\u00e4ssige Trainings, ausgewogene Ern\u00e4hrung!<\/p>\n\n\n\n<p>Es geht wieder los!<\/p>\n\n\n\n<p>F\u00fcr alle, welche in kurzer Zeit m\u00f6glichst viel erreichen m\u00f6chten.<\/p>\n\n\n\n<p>Komplett online m\u00f6glich, oder mit Begleitung vor Ort. Danach kannst du individuell verl\u00e4ngern wenn du m\u00f6chtest.<\/p>\n\n\n\n<p>Fit f\u00fchlen, Gewicht reduzieren, K\u00f6rper straffen und das Richtige zum richtigen Zeitpunkt essen!<\/p>\n\n\n\n<p>&#8211; Ersttermin (online oder vor Ort) um die IST-Situation zu erfassen und Messungen zu machen<\/p>\n\n\n\n<p>&#8211; Ern\u00e4hrungsplan und Rezeptideen!!<\/p>\n\n\n\n<p>&#8211; Ein 30min Ganzk\u00f6rper-Training Video und ein 20min Rumpftraining Video, welche du zuhause absolvierst, f\u00fcr alle Niveaus<\/p>\n\n\n\n<p>&#8211; Bewegungsplanung f\u00fcr 4 Wochen (alle Level)<\/p>\n\n\n\n<p>&#8211; Gemeinsamer Gruppenchat zum Austausch (freiwillig) und regelm\u00e4ssiger Austausch mit mir. Auf Wunsch sind Zwischenmessungen m\u00f6glich.<\/p>\n\n\n\n<p>&#8211; Abschluss Messtermin<\/p>\n\n\n\n<p>Du musst bereit sein den Aufwand f\u00fcr dich selber zu betreiben. Du ern\u00e4hrst dich nach der Struktur des Erpse Plans <em>(ist nicht schwierig und mit allen Alltagsherausforderungen m\u00f6glich<\/em>) und wir planen gemeinsam deine Bewegung\/Sport, welchen du in den 4 Wochen durchziehst.<\/p>\n\n\n\n<p>Bist du bereit?<\/p>\n\n\n\n<p>Start 13.11-11.12.23, Preis 280.-<\/p>\n\n\n\n<p>Sichere dir deinen Platz unter:<\/p>\n\n\n\n<p>076 378 59 70<\/p>\n\n\n\n<p>info@sv-personaltraining.ch<\/p>\n","protected":false},"excerpt":{"rendered":"<p>4 Wochen Challenge f\u00fcr deinen Body! Damit du dich wohl und fit f\u00fchlst! Maximal 10 Pl\u00e4tze! Start 13.11-11.12.23, Preis 280.- Gewichtsabnahme, regelm\u00e4ssige Trainings, ausgewogene Ern\u00e4hrung! Es geht wieder los! F\u00fcr alle, welche in kurzer Zeit m\u00f6glichst viel erreichen m\u00f6chten. Komplett online m\u00f6glich, oder mit Begleitung vor Ort. Danach kannst du individuell verl\u00e4ngern wenn du m\u00f6chtest.&hellip; <br \/> <a class=\"read-more\" href=\"https:\/\/sv-personaltraining.ch\/?p=1\">Weiterlesen<\/a><\/p>\n","protected":false},"author":1,"featured_media":189,"comment_status":"open","ping_status":"closed","sticky":false,"template":"","format":"standard","meta":{"_jetpack_memberships_contains_paid_content":false,"footnotes":""},"categories":[1],"tags":[],"class_list":["post-1","post","type-post","status-publish","format-standard","has-post-thumbnail","hentry","category-uncategorized"],"jetpack_featured_media_url":"https:\/\/sv-personaltraining.ch\/wp-content\/uploads\/2023\/09\/Winterchallenge.jpg","jetpack_sharing_enabled":true,"_links":{"self":[{"href":"https:\/\/sv-personaltraining.ch\/index.php?rest_route=\/wp\/v2\/posts\/1","targetHints":{"allow":["GET"]}}],"collection":[{"href":"https:\/\/sv-personaltraining.ch\/index.php?rest_route=\/wp\/v2\/posts"}],"about":[{"href":"https:\/\/sv-personaltraining.ch\/index.php?rest_route=\/wp\/v2\/types\/post"}],"author":[{"embeddable":true,"href":"https:\/\/sv-personaltraining.ch\/index.php?rest_route=\/wp\/v2\/users\/1"}],"replies":[{"embeddable":true,"href":"https:\/\/sv-personaltraining.ch\/index.php?rest_route=%2Fwp%2Fv2%2Fcomments&post=1"}],"version-history":[{"count":2,"href":"https:\/\/sv-personaltraining.ch\/index.php?rest_route=\/wp\/v2\/posts\/1\/revisions"}],"predecessor-version":[{"id":191,"href":"https:\/\/sv-personaltraining.ch\/index.php?rest_route=\/wp\/v2\/posts\/1\/revisions\/191"}],"wp:featuredmedia":[{"embeddable":true,"href":"https:\/\/sv-personaltraining.ch\/index.php?rest_route=\/wp\/v2\/media\/189"}],"wp:attachment":[{"href":"https:\/\/sv-personaltraining.ch\/index.php?rest_route=%2Fwp%2Fv2%2Fmedia&parent=1"}],"wp:term":[{"taxonomy":"category","embeddable":true,"href":"https:\/\/sv-personaltraining.ch\/index.php?rest_route=%2Fwp%2Fv2%2Fcategories&post=1"},{"taxonomy":"post_tag","embeddable":true,"href":"https:\/\/sv-personaltraining.ch\/index.php?rest_route=%2Fwp%2Fv2%2Ftags&post=1"}],"curies":[{"name":"wp","href":"https:\/\/api.w.org\/{rel}","templated":true}]}}